{"id":289,"date":"2023-08-10T05:53:44","date_gmt":"2023-08-10T04:53:44","guid":{"rendered":"https:\/\/heiligenrode.de\/?p=289"},"modified":"2023-08-10T05:53:44","modified_gmt":"2023-08-10T04:53:44","slug":"erntefest-2023-am-9-10-september","status":"publish","type":"post","link":"https:\/\/heiligenrode.de\/?p=289","title":{"rendered":"Erntefest 2023 am 9.\/10. September"},"content":{"rendered":"\n<p>Am 9. und 10. September feiern wir wieder unser traditionelles Erntefest am Samstag Mittag\/Nachmittag mit dem gro\u00dfen Umzug und Abends mit der gro\u00dfen Ernte-Party mit der Wahl der Erntek\u00f6nigin.<br><br>Der Sonntag verl\u00e4uft dann auch traditionell mit dem Gottesdienst im Festzelt, dem anschlie\u00dfenden Fr\u00fchschoppen, Kinderbelustigung, Kaffee und Kuchen und der Versteigerung der Erntekrone.<br><br>Auch die B\u00e4cker backen wieder Brot und Butterkuchen!<br><br>Der Heimatverein freut sich auf Euch! <br><br>Hier k\u00f6nnt Ihr das Formular zur Teilnahme am Ernteumzug herunterladen.<br><\/p>\n\n\n\n<div data-wp-interactive=\"core\/file\" class=\"wp-block-file\"><object data-wp-bind--hidden=\"!state.hasPdfPreview\" hidden class=\"wp-block-file__embed\" data=\"https:\/\/heiligenrode.de\/wp-content\/uploads\/2023\/08\/Anmeldungbogen-zum-Ernteumzug-2023.pdf\" type=\"application\/pdf\" style=\"width:100%;height:600px\" aria-label=\"Einbettung von Anmeldungbogen-zum-Ernteumzug-2023.\"><\/object><a id=\"wp-block-file--media-f64cf13b-41df-40d4-b7f6-e7f3261fd3f2\" href=\"https:\/\/heiligenrode.de\/wp-content\/uploads\/2023\/08\/Anmeldungbogen-zum-Ernteumzug-2023.pdf\">Anmeldungbogen-zum-Ernteumzug-2023<\/a><a href=\"https:\/\/heiligenrode.de\/wp-content\/uploads\/2023\/08\/Anmeldungbogen-zum-Ernteumzug-2023.pdf\" class=\"wp-block-file__button wp-element-button\" download aria-describedby=\"wp-block-file--media-f64cf13b-41df-40d4-b7f6-e7f3261fd3f2\">Herunterladen<\/a><\/div>\n","protected":false},"excerpt":{"rendered":"<p>Am 9. und 10. September feiern wir wieder unser traditionelles Erntefest am Samstag Mittag\/Nachmittag mit dem gro\u00dfen Umzug und Abends mit der gro\u00dfen Ernte-Party mit der Wahl der Erntek\u00f6nigin. Der Sonntag verl\u00e4uft dann auch traditionell mit dem Gottesdienst im Festzelt, &hellip; <a href=\"https:\/\/heiligenrode.de\/?p=289\">Weiterlesen <span class=\"meta-nav\">&rarr;<\/span><\/a><\/p>\n","protected":false},"author":4,"featured_media":121,"comment_status":"closed","ping_status":"closed","sticky":false,"template":"","format":"standard","meta":{"footnotes":""},"categories":[6,26,28],"tags":[],"class_list":["post-289","post","type-post","status-publish","format-standard","has-post-thumbnail","hentry","category-heiligenrode","category-heimatverein","category-veranstaltung"],"_links":{"self":[{"href":"https:\/\/heiligenrode.de\/index.php?rest_route=\/wp\/v2\/posts\/289","targetHints":{"allow":["GET"]}}],"collection":[{"href":"https:\/\/heiligenrode.de\/index.php?rest_route=\/wp\/v2\/posts"}],"about":[{"href":"https:\/\/heiligenrode.de\/index.php?rest_route=\/wp\/v2\/types\/post"}],"author":[{"embeddable":true,"href":"https:\/\/heiligenrode.de\/index.php?rest_route=\/wp\/v2\/users\/4"}],"replies":[{"embeddable":true,"href":"https:\/\/heiligenrode.de\/index.php?rest_route=%2Fwp%2Fv2%2Fcomments&post=289"}],"version-history":[{"count":2,"href":"https:\/\/heiligenrode.de\/index.php?rest_route=\/wp\/v2\/posts\/289\/revisions"}],"predecessor-version":[{"id":292,"href":"https:\/\/heiligenrode.de\/index.php?rest_route=\/wp\/v2\/posts\/289\/revisions\/292"}],"wp:featuredmedia":[{"embeddable":true,"href":"https:\/\/heiligenrode.de\/index.php?rest_route=\/wp\/v2\/media\/121"}],"wp:attachment":[{"href":"https:\/\/heiligenrode.de\/index.php?rest_route=%2Fwp%2Fv2%2Fmedia&parent=289"}],"wp:term":[{"taxonomy":"category","embeddable":true,"href":"https:\/\/heiligenrode.de\/index.php?rest_route=%2Fwp%2Fv2%2Fcategories&post=289"},{"taxonomy":"post_tag","embeddable":true,"href":"https:\/\/heiligenrode.de\/index.php?rest_route=%2Fwp%2Fv2%2Ftags&post=289"}],"curies":[{"name":"wp","href":"https:\/\/api.w.org\/{rel}","templated":true}]}}